{"id":7380,"date":"2026-04-26T14:12:48","date_gmt":"2026-04-26T12:12:48","guid":{"rendered":"https:\/\/sfv-halle.de\/?p=7380"},"modified":"2026-04-26T14:12:48","modified_gmt":"2026-04-26T12:12:48","slug":"verbandstag-am-12-06-jetzt-mitgestalten","status":"publish","type":"post","link":"https:\/\/sfv-halle.de\/?p=7380","title":{"rendered":"Verbandstag am 12.06. \u2013 Jetzt mitgestalten!"},"content":{"rendered":"<div class=\"fusion-fullwidth fullwidth-box fusion-builder-row-1 fusion-flex-container nonhundred-percent-fullwidth non-hundred-percent-height-scrolling\" style=\"--awb-border-radius-top-left:0px;--awb-border-radius-top-right:0px;--awb-border-radius-bottom-right:0px;--awb-border-radius-bottom-left:0px;--awb-flex-wrap:wrap;\" ><div class=\"fusion-builder-row fusion-row fusion-flex-align-items-flex-start fusion-flex-content-wrap\" style=\"max-width:1185.6px;margin-left: calc(-4% \/ 2 );margin-right: calc(-4% \/ 2 );\"><div class=\"fusion-layout-column fusion_builder_column fusion-builder-column-0 fusion_builder_column_1_1 1_1 fusion-flex-column\" style=\"--awb-bg-size:cover;--awb-width-large:100%;--awb-margin-top-large:0px;--awb-spacing-right-large:1.92%;--awb-margin-bottom-large:0px;--awb-spacing-left-large:1.92%;--awb-width-medium:100%;--awb-spacing-right-medium:1.92%;--awb-spacing-left-medium:1.92%;--awb-width-small:100%;--awb-spacing-right-small:1.92%;--awb-spacing-left-small:1.92%;\"><div class=\"fusion-column-wrapper fusion-flex-justify-content-flex-start fusion-content-layout-column\"><div class=\"fusion-text fusion-text-1\"><p data-start=\"128\" data-end=\"276\">Am 12. Juni findet unser n\u00e4chster Verbandstag statt \u2013 eine wichtige Gelegenheit, gemeinsam die Zukunft unseres Fu\u00dfballs in Halle aktiv zu gestalten.<\/p>\n<p data-start=\"278\" data-end=\"524\">Neben den turnusm\u00e4\u00dfigen Themen und Entscheidungen steht vor allem eines im Mittelpunkt: Engagement und Mitwirkung aus unseren Reihen. Denn ein starker Verband lebt von Menschen, die bereit sind, Verantwortung zu \u00fcbernehmen und Ideen einzubringen.<\/p>\n<p data-start=\"526\" data-end=\"664\">Du m\u00f6chtest dich einbringen? Dann nutze jetzt die Chance: Es k\u00f6nnen weiterhin Bewerbungen f\u00fcr ehrenamtliche Positionen eingereicht werden.<\/p>\n<p data-start=\"666\" data-end=\"743\">Egal ob mit Erfahrung oder einfach mit Motivation \u2013 jede Unterst\u00fctzung z\u00e4hlt.<\/p>\n<p data-start=\"745\" data-end=\"908\">Warum sich Engagement lohnt:<br data-start=\"773\" data-end=\"776\" \/>Mitreden und mitentscheiden, eigene Ideen einbringen, den Fu\u00dfball in Halle aktiv mitgestalten und Teil eines starken Netzwerks sein.<\/p>\n<p data-start=\"910\" data-end=\"961\">Bewerbungen bitte an: <a class=\"decorated-link cursor-pointer\" rel=\"noopener\" data-start=\"932\" data-end=\"961\">stadtfachverband@sfv-halle.de<\/a><\/p>\n<p data-start=\"963\" data-end=\"1038\">Gemeinsam k\u00f6nnen wir viel bewegen \u2013 wir freuen uns auf deine Unterst\u00fctzung!<\/p>\n<\/div><div class=\"fusion-image-element \" style=\"--awb-caption-title-font-family:var(--h2_typography-font-family);--awb-caption-title-font-weight:var(--h2_typography-font-weight);--awb-caption-title-font-style:var(--h2_typography-font-style);--awb-caption-title-size:var(--h2_typography-font-size);--awb-caption-title-transform:var(--h2_typography-text-transform);--awb-caption-title-line-height:var(--h2_typography-line-height);--awb-caption-title-letter-spacing:var(--h2_typography-letter-spacing);\"><span class=\" fusion-imageframe imageframe-none imageframe-1 hover-type-none\"><img decoding=\"async\" width=\"1024\" height=\"1536\" title=\"Verbandstag\" src=\"https:\/\/sfv-halle.de\/wp-content\/uploads\/2026\/04\/Verbandstag.png\" alt class=\"img-responsive wp-image-7371\" srcset=\"https:\/\/sfv-halle.de\/wp-content\/uploads\/2026\/04\/Verbandstag-200x300.png 200w, https:\/\/sfv-halle.de\/wp-content\/uploads\/2026\/04\/Verbandstag-400x600.png 400w, https:\/\/sfv-halle.de\/wp-content\/uploads\/2026\/04\/Verbandstag-600x900.png 600w, https:\/\/sfv-halle.de\/wp-content\/uploads\/2026\/04\/Verbandstag-800x1200.png 800w, https:\/\/sfv-halle.de\/wp-content\/uploads\/2026\/04\/Verbandstag.png 1024w\" sizes=\"(max-width: 1024px) 100vw, (max-width: 640px) 100vw, 1024px\" \/><\/span><\/div><\/div><\/div><\/div><\/div>\n","protected":false},"excerpt":{"rendered":"","protected":false},"author":1,"featured_media":7371,"comment_status":"open","ping_status":"open","sticky":false,"template":"","format":"standard","meta":{"footnotes":""},"categories":[885],"tags":[],"class_list":["post-7380","post","type-post","status-publish","format-standard","has-post-thumbnail","hentry","category-praesidium"],"_links":{"self":[{"href":"https:\/\/sfv-halle.de\/index.php?rest_route=\/wp\/v2\/posts\/7380","targetHints":{"allow":["GET"]}}],"collection":[{"href":"https:\/\/sfv-halle.de\/index.php?rest_route=\/wp\/v2\/posts"}],"about":[{"href":"https:\/\/sfv-halle.de\/index.php?rest_route=\/wp\/v2\/types\/post"}],"author":[{"embeddable":true,"href":"https:\/\/sfv-halle.de\/index.php?rest_route=\/wp\/v2\/users\/1"}],"replies":[{"embeddable":true,"href":"https:\/\/sfv-halle.de\/index.php?rest_route=%2Fwp%2Fv2%2Fcomments&post=7380"}],"version-history":[{"count":3,"href":"https:\/\/sfv-halle.de\/index.php?rest_route=\/wp\/v2\/posts\/7380\/revisions"}],"predecessor-version":[{"id":7383,"href":"https:\/\/sfv-halle.de\/index.php?rest_route=\/wp\/v2\/posts\/7380\/revisions\/7383"}],"wp:featuredmedia":[{"embeddable":true,"href":"https:\/\/sfv-halle.de\/index.php?rest_route=\/wp\/v2\/media\/7371"}],"wp:attachment":[{"href":"https:\/\/sfv-halle.de\/index.php?rest_route=%2Fwp%2Fv2%2Fmedia&parent=7380"}],"wp:term":[{"taxonomy":"category","embeddable":true,"href":"https:\/\/sfv-halle.de\/index.php?rest_route=%2Fwp%2Fv2%2Fcategories&post=7380"},{"taxonomy":"post_tag","embeddable":true,"href":"https:\/\/sfv-halle.de\/index.php?rest_route=%2Fwp%2Fv2%2Ftags&post=7380"}],"curies":[{"name":"wp","href":"https:\/\/api.w.org\/{rel}","templated":true}]}}