{"id":7334,"date":"2025-12-16T09:00:38","date_gmt":"2025-12-16T08:00:38","guid":{"rendered":"https:\/\/sfv-halle.de\/?p=7334"},"modified":"2025-12-16T09:29:41","modified_gmt":"2025-12-16T08:29:41","slug":"frueherer-top-schiri-gerhard-bude-unter-grosser-anteilnahme-beigesetzt","status":"publish","type":"post","link":"https:\/\/sfv-halle.de\/?p=7334","title":{"rendered":"Fr\u00fcherer Top-Schiri Gerhard Bude unter gro\u00dfer Anteilnahme beigesetzt"},"content":{"rendered":"<p>Unter gro\u00dfer Anteilnahme haben Angeh\u00f6rige und Schiedsrichter-Kollegen am Donnerstag, 11. Dezember 2025, dem mit 89 Jahren verstorbenen Ex-DDR-Oberliga-Schiri Gerhard Bude die letzte Ehre erwiesen. Der einzige hallesche Vertreter in der h\u00f6chsten DDR-Spielklasse wurde nach einer warmherzig gestalteten Zeremonie auf dem Gertraudenfriedhof im Norden von Halle beigesetzt.\u00a0 Mehrere Fotostrecken lie\u00dfen das Leben des bis ins hohe Alter r\u00fcstigen und geselligen Sportfreunds noch einmal Revue passieren. Vertreter mehrerer Fu\u00dfballverb\u00e4nde und \u201eseines\u201c HFC wohnten der Trauerfeier bei.<\/p>\n<p>\u201eDie gro\u00dfe Wertsch\u00e4tzung, die vielen Zeichen der Verbundenheit und eure Worte des Trostes haben uns tief bewegt\u201c, hei\u00dft es aus dem Familienkreis: \u201eDanke an die schwarze Zunft und alle anderen Sportfreunde, die ihn auf seinem letzten Weg begleitet haben. Es hat uns gezeigt, wie sehr <em>Opa Bude<\/em> als Mensch und Sportler gesch\u00e4tzt wurde.\u201c<\/p>\n<p><a href=\"https:\/\/sfv-halle.de\/?p=7283\"><strong>&gt; Zum Nachruf auf \u201eOpa Bude\u201c<\/strong><\/a><\/p>\n<div id=\"attachment_7338\" style=\"width: 1610px\" class=\"wp-caption aligncenter\"><img decoding=\"async\" aria-describedby=\"caption-attachment-7338\" class=\"wp-image-7338 size-full\" src=\"https:\/\/sfv-halle.de\/wp-content\/uploads\/2025\/12\/WhatsApp-Image-2025-12-11-at-17.06.36.jpeg\" alt=\"\" width=\"1600\" height=\"1200\" srcset=\"https:\/\/sfv-halle.de\/wp-content\/uploads\/2025\/12\/WhatsApp-Image-2025-12-11-at-17.06.36-200x150.jpeg 200w, https:\/\/sfv-halle.de\/wp-content\/uploads\/2025\/12\/WhatsApp-Image-2025-12-11-at-17.06.36-300x225.jpeg 300w, https:\/\/sfv-halle.de\/wp-content\/uploads\/2025\/12\/WhatsApp-Image-2025-12-11-at-17.06.36-400x300.jpeg 400w, https:\/\/sfv-halle.de\/wp-content\/uploads\/2025\/12\/WhatsApp-Image-2025-12-11-at-17.06.36-600x450.jpeg 600w, https:\/\/sfv-halle.de\/wp-content\/uploads\/2025\/12\/WhatsApp-Image-2025-12-11-at-17.06.36-768x576.jpeg 768w, https:\/\/sfv-halle.de\/wp-content\/uploads\/2025\/12\/WhatsApp-Image-2025-12-11-at-17.06.36-800x600.jpeg 800w, https:\/\/sfv-halle.de\/wp-content\/uploads\/2025\/12\/WhatsApp-Image-2025-12-11-at-17.06.36-1024x768.jpeg 1024w, https:\/\/sfv-halle.de\/wp-content\/uploads\/2025\/12\/WhatsApp-Image-2025-12-11-at-17.06.36-1200x900.jpeg 1200w, https:\/\/sfv-halle.de\/wp-content\/uploads\/2025\/12\/WhatsApp-Image-2025-12-11-at-17.06.36-1536x1152.jpeg 1536w, https:\/\/sfv-halle.de\/wp-content\/uploads\/2025\/12\/WhatsApp-Image-2025-12-11-at-17.06.36.jpeg 1600w\" sizes=\"(max-width: 1600px) 100vw, 1600px\" \/><p id=\"caption-attachment-7338\" class=\"wp-caption-text\">Bewegende Trauerfeier auf dem Gertraudenfriedhof: Am 11. Dezember wurde Halles Top-Schiri Gerhard Bude beigesetzt. [Foto: privat]<\/p><\/div>\n","protected":false},"excerpt":{"rendered":"<p>Unter gro\u00dfer Anteilnahme haben Angeh\u00f6rige und Schiedsrichter-Kollegen am Donnerstag, 11. [&hellip;]<\/p>\n","protected":false},"author":6,"featured_media":7338,"comment_status":"open","ping_status":"open","sticky":false,"template":"","format":"standard","meta":{"footnotes":""},"categories":[850,883],"tags":[],"class_list":["post-7334","post","type-post","status-publish","format-standard","has-post-thumbnail","hentry","category-allgemein","category-schiedsrichterausschuss"],"_links":{"self":[{"href":"https:\/\/sfv-halle.de\/index.php?rest_route=\/wp\/v2\/posts\/7334","targetHints":{"allow":["GET"]}}],"collection":[{"href":"https:\/\/sfv-halle.de\/index.php?rest_route=\/wp\/v2\/posts"}],"about":[{"href":"https:\/\/sfv-halle.de\/index.php?rest_route=\/wp\/v2\/types\/post"}],"author":[{"embeddable":true,"href":"https:\/\/sfv-halle.de\/index.php?rest_route=\/wp\/v2\/users\/6"}],"replies":[{"embeddable":true,"href":"https:\/\/sfv-halle.de\/index.php?rest_route=%2Fwp%2Fv2%2Fcomments&post=7334"}],"version-history":[{"count":5,"href":"https:\/\/sfv-halle.de\/index.php?rest_route=\/wp\/v2\/posts\/7334\/revisions"}],"predecessor-version":[{"id":7340,"href":"https:\/\/sfv-halle.de\/index.php?rest_route=\/wp\/v2\/posts\/7334\/revisions\/7340"}],"wp:featuredmedia":[{"embeddable":true,"href":"https:\/\/sfv-halle.de\/index.php?rest_route=\/wp\/v2\/media\/7338"}],"wp:attachment":[{"href":"https:\/\/sfv-halle.de\/index.php?rest_route=%2Fwp%2Fv2%2Fmedia&parent=7334"}],"wp:term":[{"taxonomy":"category","embeddable":true,"href":"https:\/\/sfv-halle.de\/index.php?rest_route=%2Fwp%2Fv2%2Fcategories&post=7334"},{"taxonomy":"post_tag","embeddable":true,"href":"https:\/\/sfv-halle.de\/index.php?rest_route=%2Fwp%2Fv2%2Ftags&post=7334"}],"curies":[{"name":"wp","href":"https:\/\/api.w.org\/{rel}","templated":true}]}}