{"id":7326,"date":"2025-12-14T18:21:22","date_gmt":"2025-12-14T17:21:22","guid":{"rendered":"https:\/\/sfv-halle.de\/?p=7326"},"modified":"2025-12-14T18:25:29","modified_gmt":"2025-12-14T17:25:29","slug":"erst-griechen-gegrilltes-dann-ruckzuck-ins-spielvergnuegen","status":"publish","type":"post","link":"https:\/\/sfv-halle.de\/?p=7326","title":{"rendered":"Erst Griechen-Gegrilltes, dann ruckzuck ins Spielvergn\u00fcgen"},"content":{"rendered":"<div class=\"fusion-fullwidth fullwidth-box fusion-builder-row-1 fusion-flex-container nonhundred-percent-fullwidth non-hundred-percent-height-scrolling\" style=\"--awb-border-radius-top-left:0px;--awb-border-radius-top-right:0px;--awb-border-radius-bottom-right:0px;--awb-border-radius-bottom-left:0px;--awb-flex-wrap:wrap;\" ><div class=\"fusion-builder-row fusion-row fusion-flex-align-items-flex-start fusion-flex-content-wrap\" style=\"max-width:1185.6px;margin-left: calc(-4% \/ 2 );margin-right: calc(-4% \/ 2 );\"><div class=\"fusion-layout-column fusion_builder_column fusion-builder-column-0 fusion_builder_column_1_1 1_1 fusion-flex-column\" style=\"--awb-bg-size:cover;--awb-width-large:100%;--awb-margin-top-large:0px;--awb-spacing-right-large:1.92%;--awb-margin-bottom-large:0px;--awb-spacing-left-large:1.92%;--awb-width-medium:100%;--awb-spacing-right-medium:1.92%;--awb-spacing-left-medium:1.92%;--awb-width-small:100%;--awb-spacing-right-small:1.92%;--awb-spacing-left-small:1.92%;\"><div class=\"fusion-column-wrapper fusion-flex-justify-content-flex-start fusion-content-layout-column\"><div class=\"fusion-text fusion-text-1\"><p>Halles Schiris machen vor Weihnachten traditionell einen drauf! Die Regeln sind einfach: Irgendein Adventssamstag-Abend muss es sein, meist bei einem der \u00f6rtlichen Fu\u00dfball-Klubs. Kr\u00f6llwitz war schon (mehrfach) dran, die gr\u00fcn-wei\u00dfen Ammendorfer auch, im Vorjahr dann die anderen Ammendorfer.<\/p>\n<p>Diesmal: Die Einheit.<\/p>\n<h2>Besinnliches und Kulinarisches<\/h2>\n<p>Feierlich geschm\u00fcckt kam die Gastst\u00e4tte daher, am 13. Dezember, dem Vorabend des dritten Advents. Dass an jedem Platz auch ein \u201eDu\u201c(plo)-bist-Wichtig-Schokoriegel lag, hatte auch mit den unsch\u00f6nen Momenten zu tun, denen die \u00f6rtliche Schiedsrichtergilde in diesem Jahr besonders deutlich ausgesetzt war. In besinnlichen Ansprachen mahnten die Hauptorganisatoren Christian Schramm und Tim Treizel gemeinsam mit Schiri-Ausschuss-Chef Marcel Theumer: Nicht unterkriegen lassen, als Gemeinschaft zusammenstehen, von den vorwiegend sch\u00f6nen Momenten profitieren, widrigen Umst\u00e4nden mit klarer Haltung begegnen.<\/p>\n<div id=\"attachment_7329\" style=\"width: 610px\" class=\"wp-caption alignnone\"><img decoding=\"async\" aria-describedby=\"caption-attachment-7329\" class=\"wp-image-7329 size-fusion-600\" src=\"https:\/\/sfv-halle.de\/wp-content\/uploads\/2025\/12\/WhatsApp-Image-2025-12-14-at-09.03.33-600x450.jpeg\" alt=\"\" width=\"600\" height=\"450\" srcset=\"https:\/\/sfv-halle.de\/wp-content\/uploads\/2025\/12\/WhatsApp-Image-2025-12-14-at-09.03.33-200x150.jpeg 200w, https:\/\/sfv-halle.de\/wp-content\/uploads\/2025\/12\/WhatsApp-Image-2025-12-14-at-09.03.33-300x225.jpeg 300w, https:\/\/sfv-halle.de\/wp-content\/uploads\/2025\/12\/WhatsApp-Image-2025-12-14-at-09.03.33-400x300.jpeg 400w, https:\/\/sfv-halle.de\/wp-content\/uploads\/2025\/12\/WhatsApp-Image-2025-12-14-at-09.03.33-600x450.jpeg 600w, https:\/\/sfv-halle.de\/wp-content\/uploads\/2025\/12\/WhatsApp-Image-2025-12-14-at-09.03.33-768x576.jpeg 768w, https:\/\/sfv-halle.de\/wp-content\/uploads\/2025\/12\/WhatsApp-Image-2025-12-14-at-09.03.33-800x600.jpeg 800w, https:\/\/sfv-halle.de\/wp-content\/uploads\/2025\/12\/WhatsApp-Image-2025-12-14-at-09.03.33-1024x768.jpeg 1024w, https:\/\/sfv-halle.de\/wp-content\/uploads\/2025\/12\/WhatsApp-Image-2025-12-14-at-09.03.33-1200x900.jpeg 1200w, https:\/\/sfv-halle.de\/wp-content\/uploads\/2025\/12\/WhatsApp-Image-2025-12-14-at-09.03.33-1536x1152.jpeg 1536w\" sizes=\"(max-width: 600px) 100vw, 600px\" \/><p id=\"caption-attachment-7329\" class=\"wp-caption-text\">Org-Chefs Schramm und Treizel. Zweiterer k\u00fcndigte an, nach 10 Jahren die Weihnachtsfeier-Chefrolle abzugeben. DANKE f\u00fcrs Geleistete!<\/p><\/div>\n<p>Ins selbe Horn stie\u00df \u00fcbrigens auch der Zweite-Bundesliga-Schiri Eric Weisbach, der per Videobotschaft zugeschaltet war. Halles Top-Schiri ist bundesweit so stark eingespannt, dass er im Gegensatz zu fr\u00fcheren Besuchen nicht vor Ort sein konnte.<\/p>\n<p>Ebenso \u201enur\u201c \u00fcber den Beamer dabei war Paul Kamm. Der ansonsten zum Org-Team z\u00e4hlende Lehrwart hatte eine recht gute Ausrede f\u00fcr seine Nicht-Teilnahme: Er gr\u00fc\u00dfte aus Vietnam. Wellenrauschen flankierte seine kurze Rede, er faselte was von 30 Grad. *grummel*<\/p>\n<p>Wenigstens kulinarisch ging es f\u00fcr die Referees bei der Einheit dann aber auch ans Meer: Griechen-Buffet war im Nebenraum aufgebaut! Hat sich bew\u00e4hrt! Zaziki, yeah! Und Ouzo! Doppel-Yeah. J\u00e1mas!<\/p>\n<p>Ach ja: Nat\u00fcrlich gab&#8217;s auch die allj\u00e4hrlichen Gr\u00fc\u00dfe aus der Statistik-Abteilung: Wer am meisten Spiele gemacht hat (Spitzenreiter: r\u00fchmliche 69) und wer am meisten Spiele zur\u00fcckgegeben hat (Spitzenreiter: unr\u00fchmliche 19).<\/p>\n<h2>Ruck-Zuck an die Kopfh\u00f6rer<\/h2>\n<p>Highlight der j\u00e4hrlichen Schiri-Feten ist die Adaption einer bekannten Spielshow. Aufs Schiri-Dasein bezogen wurde diesmal die Spielidee von \u201eRuck Zuck\u201c. Dabei treten Teams gegeneinander an und m\u00fcssen Begriffe beschreiben, ohne dabei die benutzten Stichw\u00f6rter zu wiederholen. Gar nicht so leicht, denn die mit Kopfh\u00f6rern ausgestatteten Mitspieler wussten schlie\u00dflich nicht, wie der Vorg\u00e4nger denselben (Fu\u00dfball-)Begriff erkl\u00e4rt hatte.<\/p>\n<p>Eine Riesen-Gaudi dabei war aber nicht nur die Umsetzung, sondern schon die Wahl der Teamnamen: Da traten also \u201e4 and a half Men\u201c (wegen Junior Wanja) an die Kopfh\u00f6rer \u2013 und benannten sich kurzerhand noch einmal zu \u201eDie Stegner-Gegner\u201c um, nachdem sich die Kontrahenten als \u201eDie Stegners\u201c zu erkennen gaben. Darauf hatte sich das Team freilich hinterr\u00fccks von ihrem Mannschaftskapit\u00e4n Fabian Stegner verst\u00e4ndigt, dem der Personenkult sichtlich peinlich war. Tja, nix da mit Kapit\u00e4nsdialog!<\/p>\n<p><div id=\"attachment_7327\" style=\"width: 410px\" class=\"wp-caption alignnone\"><img decoding=\"async\" aria-describedby=\"caption-attachment-7327\" class=\"wp-image-7327 size-fusion-400\" src=\"https:\/\/sfv-halle.de\/wp-content\/uploads\/2025\/12\/WhatsApp-Image-2025-12-13-at-21.46.34-400x533.jpeg\" alt=\"\" width=\"400\" height=\"533\" srcset=\"https:\/\/sfv-halle.de\/wp-content\/uploads\/2025\/12\/WhatsApp-Image-2025-12-13-at-21.46.34-200x267.jpeg 200w, https:\/\/sfv-halle.de\/wp-content\/uploads\/2025\/12\/WhatsApp-Image-2025-12-13-at-21.46.34-225x300.jpeg 225w, https:\/\/sfv-halle.de\/wp-content\/uploads\/2025\/12\/WhatsApp-Image-2025-12-13-at-21.46.34-400x533.jpeg 400w, https:\/\/sfv-halle.de\/wp-content\/uploads\/2025\/12\/WhatsApp-Image-2025-12-13-at-21.46.34-600x800.jpeg 600w, https:\/\/sfv-halle.de\/wp-content\/uploads\/2025\/12\/WhatsApp-Image-2025-12-13-at-21.46.34-768x1024.jpeg 768w, https:\/\/sfv-halle.de\/wp-content\/uploads\/2025\/12\/WhatsApp-Image-2025-12-13-at-21.46.34-800x1067.jpeg 800w, https:\/\/sfv-halle.de\/wp-content\/uploads\/2025\/12\/WhatsApp-Image-2025-12-13-at-21.46.34-1152x1536.jpeg 1152w, https:\/\/sfv-halle.de\/wp-content\/uploads\/2025\/12\/WhatsApp-Image-2025-12-13-at-21.46.34.jpeg 1200w\" sizes=\"(max-width: 400px) 100vw, 400px\" \/><p id=\"caption-attachment-7327\" class=\"wp-caption-text\">Sp\u00e4ter auch die Sieger: Die Stegner-Gegner!<\/p><\/div>\n<div id=\"attachment_7330\" style=\"width: 318px\" class=\"wp-caption alignnone\"><img decoding=\"async\" aria-describedby=\"caption-attachment-7330\" class=\"wp-image-7330 size-full\" src=\"https:\/\/sfv-halle.de\/wp-content\/uploads\/2025\/12\/3hz.jpg\" alt=\"\" width=\"308\" height=\"249\" srcset=\"https:\/\/sfv-halle.de\/wp-content\/uploads\/2025\/12\/3hz-177x142.jpg 177w, https:\/\/sfv-halle.de\/wp-content\/uploads\/2025\/12\/3hz-200x162.jpg 200w, https:\/\/sfv-halle.de\/wp-content\/uploads\/2025\/12\/3hz-300x243.jpg 300w, https:\/\/sfv-halle.de\/wp-content\/uploads\/2025\/12\/3hz.jpg 308w\" sizes=\"(max-width: 308px) 100vw, 308px\" \/><p id=\"caption-attachment-7330\" class=\"wp-caption-text\">Finalrunde: Gefragt, was er mit der dritten Halbzeit verbindet, entschied sich Half-Man Wanja f\u00fcr diese f\u00fcnf Begriffe. Ausgerechnet DER Raucher aus seinem Team kam nicht auf dieses \u201eHobby\u201c. F\u00fcr den Sieg reichte es dennoch, denn der Rest wurde in 80 Sekunden gel\u00f6st!<\/p><\/div><\/p>\n<h2>Finale: Ich trink Ouzo&#8230; was machst du so? Darts und Durchhalten!<\/h2>\n<p>Bei Speis und Spiel schritt der Abend jedenfalls rasch voran. F\u00fcr den Autor dieser Zeilen neigte sich der <em>dritte<\/em> Adventssamstag dann auch beim (ungef\u00e4hr) <em>dritten<\/em> Ouzo. Der ein oder andere hatte da schon ein wenig weitergez\u00e4hlt.<\/p>\n<p>F\u00fcr ein ganz anderes Vergn\u00fcgen musste man die Dinge hingegen recht n\u00fcchtern betrachten: Da in der Einheit-Kneipe ein paar Dartscheiben herumh\u00e4ngen, bewiesen einige Refs dann auch noch \u201eein ruhiges H\u00e4ndchen\u201c.<\/p>\n<p>Ein kleiner Teil, so hie\u00df es abschlie\u00dfend \u00fcber den gelungenen Start in die Winterpause, habe die Festivit\u00e4t noch bis weit in den Adventssonntag hinein ausgedehnt. In diesem Sinne sei allen Schiris und Mitlesern hier ein fr\u00f6hliches und gesundes Restjahr gew\u00fcnscht!<\/p>\n<div id=\"attachment_7328\" style=\"width: 1610px\" class=\"wp-caption alignnone\"><img decoding=\"async\" aria-describedby=\"caption-attachment-7328\" class=\"wp-image-7328 size-full\" src=\"https:\/\/sfv-halle.de\/wp-content\/uploads\/2025\/12\/WhatsApp-Image-2025-12-14-at-02.33.01.jpeg\" alt=\"\" width=\"1600\" height=\"739\" srcset=\"https:\/\/sfv-halle.de\/wp-content\/uploads\/2025\/12\/WhatsApp-Image-2025-12-14-at-02.33.01-200x92.jpeg 200w, https:\/\/sfv-halle.de\/wp-content\/uploads\/2025\/12\/WhatsApp-Image-2025-12-14-at-02.33.01-300x139.jpeg 300w, https:\/\/sfv-halle.de\/wp-content\/uploads\/2025\/12\/WhatsApp-Image-2025-12-14-at-02.33.01-400x185.jpeg 400w, https:\/\/sfv-halle.de\/wp-content\/uploads\/2025\/12\/WhatsApp-Image-2025-12-14-at-02.33.01-600x277.jpeg 600w, https:\/\/sfv-halle.de\/wp-content\/uploads\/2025\/12\/WhatsApp-Image-2025-12-14-at-02.33.01-768x355.jpeg 768w, https:\/\/sfv-halle.de\/wp-content\/uploads\/2025\/12\/WhatsApp-Image-2025-12-14-at-02.33.01-800x370.jpeg 800w, https:\/\/sfv-halle.de\/wp-content\/uploads\/2025\/12\/WhatsApp-Image-2025-12-14-at-02.33.01-1024x473.jpeg 1024w, https:\/\/sfv-halle.de\/wp-content\/uploads\/2025\/12\/WhatsApp-Image-2025-12-14-at-02.33.01-1200x554.jpeg 1200w, https:\/\/sfv-halle.de\/wp-content\/uploads\/2025\/12\/WhatsApp-Image-2025-12-14-at-02.33.01-1536x709.jpeg 1536w, https:\/\/sfv-halle.de\/wp-content\/uploads\/2025\/12\/WhatsApp-Image-2025-12-14-at-02.33.01.jpeg 1600w\" sizes=\"(max-width: 1600px) 100vw, 1600px\" \/><p id=\"caption-attachment-7328\" class=\"wp-caption-text\">Party people: Halles Schiris bei der Einheit. [Alle Fotos: privat]<\/p><\/div>\n<\/div><\/div><\/div><\/div><\/div>\n","protected":false},"excerpt":{"rendered":"","protected":false},"author":6,"featured_media":7330,"comment_status":"open","ping_status":"open","sticky":false,"template":"","format":"standard","meta":{"footnotes":""},"categories":[850,883],"tags":[],"class_list":["post-7326","post","type-post","status-publish","format-standard","has-post-thumbnail","hentry","category-allgemein","category-schiedsrichterausschuss"],"_links":{"self":[{"href":"https:\/\/sfv-halle.de\/index.php?rest_route=\/wp\/v2\/posts\/7326","targetHints":{"allow":["GET"]}}],"collection":[{"href":"https:\/\/sfv-halle.de\/index.php?rest_route=\/wp\/v2\/posts"}],"about":[{"href":"https:\/\/sfv-halle.de\/index.php?rest_route=\/wp\/v2\/types\/post"}],"author":[{"embeddable":true,"href":"https:\/\/sfv-halle.de\/index.php?rest_route=\/wp\/v2\/users\/6"}],"replies":[{"embeddable":true,"href":"https:\/\/sfv-halle.de\/index.php?rest_route=%2Fwp%2Fv2%2Fcomments&post=7326"}],"version-history":[{"count":3,"href":"https:\/\/sfv-halle.de\/index.php?rest_route=\/wp\/v2\/posts\/7326\/revisions"}],"predecessor-version":[{"id":7333,"href":"https:\/\/sfv-halle.de\/index.php?rest_route=\/wp\/v2\/posts\/7326\/revisions\/7333"}],"wp:featuredmedia":[{"embeddable":true,"href":"https:\/\/sfv-halle.de\/index.php?rest_route=\/wp\/v2\/media\/7330"}],"wp:attachment":[{"href":"https:\/\/sfv-halle.de\/index.php?rest_route=%2Fwp%2Fv2%2Fmedia&parent=7326"}],"wp:term":[{"taxonomy":"category","embeddable":true,"href":"https:\/\/sfv-halle.de\/index.php?rest_route=%2Fwp%2Fv2%2Fcategories&post=7326"},{"taxonomy":"post_tag","embeddable":true,"href":"https:\/\/sfv-halle.de\/index.php?rest_route=%2Fwp%2Fv2%2Ftags&post=7326"}],"curies":[{"name":"wp","href":"https:\/\/api.w.org\/{rel}","templated":true}]}}